{"id":51191,"date":"2023-09-05T12:10:45","date_gmt":"2023-09-05T10:10:45","guid":{"rendered":"https:\/\/help.heredis.com\/?p=51191"},"modified":"2025-11-10T15:24:48","modified_gmt":"2025-11-10T14:24:48","slug":"genealogische-zeitlinien-gruppierungen","status":"publish","type":"post","link":"https:\/\/help.heredis.com\/de\/genealogische-zeitlinien-gruppierungen\/","title":{"rendered":"Genealogischer Zeitstrahl: Gruppierungen"},"content":{"rendered":"<div class=\"wpb-content-wrapper\"><p>[vc_row][vc_column][vc_column_text css=&#8220;&#8220;]Seit der Version Heredis 2026 wird die Funktion Genealogische Zeitlinien zum Genealogischen Zeitstrahl.<\/p>\n<p>In Ihrer Kekule-Linie, der erweiterten Familie oder auch den Vor- und Nachfahren der prim\u00e4ren Person k\u00f6nnen Sie:<\/p>\n<ul>\n<li>die ausgew\u00e4hlten Personen chronologisch anordnen.<\/li>\n<li>die Familienamen entdecken, die im Laufe der Zeit verwendet wurden.<\/li>\n<li>sich die Geburtsorte der Personen \u00fcber einen bestimmten Zeitraum anzeigen lassen.<\/li>\n<\/ul>\n<p>Sie finden die Funktion im Men\u00fc <strong>(Windows)<\/strong>\u00a0<strong>Stammb\u00e4ume<\/strong> &gt; <strong>Genealogischer<\/strong> <strong>Zeitstrahl; (Mac) Dokumente &gt; Genealogischer Zeitstrahl<\/strong>.<\/p>\n<p>Es \u00f6ffnet sich anschlie\u00dfend ein Fenster, in dem die Personen auf einer Zeitachse dargestellt werden. Allgemeine Informationen \u00fcber diese Funktion finden Sie im Artikel <strong><a href=\"https:\/\/help.heredis.com\/de\/genealogische-zeitlinien-aufbau\/\">Genealogischer Zeitstrahl: Aufbau<\/a>.<\/strong><\/p>\n<p>Die Lebenslinien der einzelnen Personen k\u00f6nnen Sie anschlie\u00dfend gruppieren, um zum Beispiel einen \u00dcberblick \u00fcber die Entwicklung der Nachnamen im Laufe der Zeit oder \u00fcber die Geburtsorte Ihrer Vorfahren zu erhalten.<\/p>\n<p>W\u00e4hlen Sie die gew\u00fcnschte Gruppierung in der Leiste <strong>Design<img decoding=\"async\" class=\"alignnone size-full wp-image-34787\" src=\"https:\/\/help.heredis.com\/wp-content\/uploads\/2018\/12\/miseEnForme.png\" alt=\"\" width=\"40\" height=\"40\" \/> <\/strong>.<\/p>\n<p><img decoding=\"async\" class=\"alignnone wp-image-51192\" src=\"https:\/\/help.heredis.com\/wp-content\/uploads\/2023\/08\/Famille_Chrono_Groupement_PC_DE.png\" alt=\"\" width=\"248\" height=\"151\" \/><\/p>\n<h3>Gruppieren nach Nachnamen<\/h3>\n<p>Beim Gruppieren nach <strong>Nachnamen<\/strong> werden alle Personen mit demselben Nachnamen als Gruppe angezeigt.<\/p>\n<p><img decoding=\"async\" class=\"alignnone wp-image-51374\" src=\"https:\/\/help.heredis.com\/wp-content\/uploads\/2023\/09\/GZ_Affichage_Gruppierung_Nachnamen_DE.png\" alt=\"\" width=\"706\" height=\"556\" srcset=\"https:\/\/help.heredis.com\/wp-content\/uploads\/2023\/09\/GZ_Affichage_Gruppierung_Nachnamen_DE.png 1564w, https:\/\/help.heredis.com\/wp-content\/uploads\/2023\/09\/GZ_Affichage_Gruppierung_Nachnamen_DE-300x236.png 300w, https:\/\/help.heredis.com\/wp-content\/uploads\/2023\/09\/GZ_Affichage_Gruppierung_Nachnamen_DE-1024x805.png 1024w, https:\/\/help.heredis.com\/wp-content\/uploads\/2023\/09\/GZ_Affichage_Gruppierung_Nachnamen_DE-768x604.png 768w, https:\/\/help.heredis.com\/wp-content\/uploads\/2023\/09\/GZ_Affichage_Gruppierung_Nachnamen_DE-1536x1208.png 1536w\" sizes=\"(max-width: 706px) 100vw, 706px\" \/><\/p>\n<p>Sie sehen im Beispiel, dass der Nachname M\u00fcller in dieser Familie von 1838 bis 1988 vorkommt.<\/p>\n<p>Sie k\u00f6nnen auch sehen, welche Schreibweise es f\u00fcr einen Nachname im Laufe der Zeit gab.<br \/>\nBeim Gruppieren nach Nachnamen k\u00f6nnen Sie die Entwicklung eines Nachnamens verfolgen und sehen, wie der Name in Ihrer Genealogie verwendet wird.<\/p>\n<h3>Gruppieren nach Geburtsort<\/h3>\n<p>Beim Gruppieren nach <strong>Geburtsort<\/strong> werden alle Personen zusammen angezeigt, die im selben Ort geboren wurden.<\/p>\n<p><img decoding=\"async\" class=\"alignnone size-full wp-image-51198\" src=\"https:\/\/help.heredis.com\/wp-content\/uploads\/2023\/08\/Famille_Chrono_Groupement_Lieu_Naissance_PC_DE.png\" alt=\"\" width=\"271\" height=\"105\" \/><\/p>\n<p>In der n\u00e4chsten Dropdown-Liste w\u00e4hlen Sie das geografische Niveau des Ortes:<\/p>\n<ul>\n<li><strong>Ort<\/strong>,<\/li>\n<li><strong>Kreis<\/strong>,<\/li>\n<li><strong>Bundesland<\/strong>,<\/li>\n<li><strong>Land<\/strong><\/li>\n<li>oder <strong>Ortsunterteilung<\/strong>, falls vorhanden.<\/li>\n<\/ul>\n<p><img decoding=\"async\" class=\"alignnone size-full wp-image-51201\" src=\"https:\/\/help.heredis.com\/wp-content\/uploads\/2023\/08\/Famille_Chrono_Groupement_Type_Lieu_Naissance_PC_DE.png\" alt=\"\" width=\"268\" height=\"166\" \/><\/p>\n<p>Sie k\u00f6nnen anschlie\u00dfend sehen, wo Ihre Vorfahren mit der Zeit gelebt haben.<\/p>\n<p><img decoding=\"async\" class=\"alignnone wp-image-51204\" src=\"https:\/\/help.heredis.com\/wp-content\/uploads\/2023\/08\/Famille_Chrono_Groupement_Lieu_Origine_Famille_PC_DE.png\" alt=\"\" width=\"706\" height=\"476\" srcset=\"https:\/\/help.heredis.com\/wp-content\/uploads\/2023\/08\/Famille_Chrono_Groupement_Lieu_Origine_Famille_PC_DE.png 1380w, https:\/\/help.heredis.com\/wp-content\/uploads\/2023\/08\/Famille_Chrono_Groupement_Lieu_Origine_Famille_PC_DE-300x202.png 300w, https:\/\/help.heredis.com\/wp-content\/uploads\/2023\/08\/Famille_Chrono_Groupement_Lieu_Origine_Famille_PC_DE-1024x690.png 1024w, https:\/\/help.heredis.com\/wp-content\/uploads\/2023\/08\/Famille_Chrono_Groupement_Lieu_Origine_Famille_PC_DE-768x518.png 768w\" sizes=\"(max-width: 706px) 100vw, 706px\" \/><\/p>\n<h3>Gruppieren nach Famili\u00e4rer Verbindung<\/h3>\n<p>Beim \u00d6ffnen zeigt der Genealogische Zeitstrahl die <strong>Erweiterte<\/strong> <strong>Familie <\/strong>der prim\u00e4ren Person an.<br \/>\nDies k\u00f6nnen Sie \u00fcber den Button <strong>Optionen <\/strong><img decoding=\"async\" class=\"alignnone size-full wp-image-18347\" src=\"https:\/\/help.heredis.com\/wp-content\/uploads\/2019\/09\/WheelOptionsMac_DE.png\" alt=\"\" width=\"57\" height=\"52\" \/>\u00a0 im Abschnitt <strong>Umfang<\/strong> \u00e4ndern.<\/p>\n<p>Bei Auswahl der <strong>Erweiterten<\/strong> <strong>Familie<\/strong> k\u00f6nnen Sie das Gruppieren nach <strong>Famili\u00e4rer Verbindung<\/strong> vornehmen.<\/p>\n<p><img decoding=\"async\" class=\"alignnone wp-image-51207\" src=\"https:\/\/help.heredis.com\/wp-content\/uploads\/2023\/08\/Famille_Chrono_Groupement_Lien_Familiale_PC_DE.png\" alt=\"\" width=\"701\" height=\"470\" srcset=\"https:\/\/help.heredis.com\/wp-content\/uploads\/2023\/08\/Famille_Chrono_Groupement_Lien_Familiale_PC_DE.png 1384w, https:\/\/help.heredis.com\/wp-content\/uploads\/2023\/08\/Famille_Chrono_Groupement_Lien_Familiale_PC_DE-300x201.png 300w, https:\/\/help.heredis.com\/wp-content\/uploads\/2023\/08\/Famille_Chrono_Groupement_Lien_Familiale_PC_DE-1024x687.png 1024w, https:\/\/help.heredis.com\/wp-content\/uploads\/2023\/08\/Famille_Chrono_Groupement_Lien_Familiale_PC_DE-768x515.png 768w\" sizes=\"(max-width: 701px) 100vw, 701px\" \/><\/p>\n<p>Diese Einstellung zeigt Ihnen Folgendes an:<\/p>\n<ul>\n<li>die prim\u00e4re Person und ihre Partner<\/li>\n<li>ihre Eltern,<\/li>\n<li>ihre Gro\u00dfeltern,<\/li>\n<li>ihre Urgro\u00dfeltern,<\/li>\n<li>ihre Geschwister,<\/li>\n<li>ihre Kinder,<\/li>\n<li>ihre Enkel,<\/li>\n<li>ihre Urenkel,<\/li>\n<li>ihre Onkel und Tanten,<\/li>\n<li>ihre Gro\u00dfonkel und Gro\u00dftanten,<\/li>\n<li>ihre Neffen und Nichten,<\/li>\n<li>ihre Urgro\u00dfneffen und Urgro\u00dfnichten,<\/li>\n<li>ihre Cousins ersten Grades,<\/li>\n<li>ihre Onkel und Tanten zweiten Grades,<\/li>\n<li>ihre Cousins und Cousinen zweiten Grades,<\/li>\n<li>ihre Neffen und Nichten zweiten Grades,<\/li>\n<li>ihre Gro\u00dfneffen und Gro\u00dfnichten zweiten Grades.<\/li>\n<\/ul>\n<p>Alle nicht blutsverwandten Personen, zum Beispiel die Kinder aus einer fr\u00fcheren Beziehung des Partners oder auch der zweite Ehemann der Mutter der prim\u00e4ren Person, werden kursiv angezeigt.<\/p>\n<p><img decoding=\"async\" class=\"alignnone wp-image-51210\" src=\"https:\/\/help.heredis.com\/wp-content\/uploads\/2023\/08\/Famille_Chrono_Groupement_Indi_Sans_Lien_Sang_PC_DE.png\" alt=\"\" width=\"465\" height=\"73\" srcset=\"https:\/\/help.heredis.com\/wp-content\/uploads\/2023\/08\/Famille_Chrono_Groupement_Indi_Sans_Lien_Sang_PC_DE.png 946w, https:\/\/help.heredis.com\/wp-content\/uploads\/2023\/08\/Famille_Chrono_Groupement_Indi_Sans_Lien_Sang_PC_DE-300x47.png 300w, https:\/\/help.heredis.com\/wp-content\/uploads\/2023\/08\/Famille_Chrono_Groupement_Indi_Sans_Lien_Sang_PC_DE-768x121.png 768w\" sizes=\"(max-width: 465px) 100vw, 465px\" \/><\/p>\n<p>Deaktivieren Sie das Kontrollk\u00e4stchen der Generationen, die Sie nicht anzeigen m\u00f6chten. Sie k\u00f6nnen f\u00fcr eine bessere \u00dcbersicht zum Beispiel das Kontrollk\u00e4stchen Partner der Nachfahren &amp; Stiefkinder deaktivieren.<\/p>\n<p><img decoding=\"async\" class=\"alignnone size-full wp-image-51213\" src=\"https:\/\/help.heredis.com\/wp-content\/uploads\/2023\/08\/Famille_Chrono_Groupement_Case_Generation_A_Cocher_PC_DE.png\" alt=\"\" width=\"270\" height=\"154\" \/><\/p>\n<p>Dank der Gruppierungen wird es Ihnen leichter fallen, die Verbindungen zwischen der prim\u00e4ren Person und ihrer Familie \u00fcber die Zeit hinweg zu betrachten.<\/p>\n<p>Mehr erfahren Sie in den Artikeln: <strong><a href=\"https:\/\/help.heredis.com\/de\/genealogische-zeitlinien-aufbau\/\">Genealogischer Zeitstrahl: Aufbau<\/a>; <a href=\"https:\/\/help.heredis.com\/de\/genealogische-zeitlinien-intelligente-suche\/\">Genealogischer Zeitstrahl: Intelligente Suche<\/a>; <a href=\"https:\/\/help.heredis.com\/de\/individuellen-oder-genealogischen-zeitstrahl-sowie-kreisgrafiken-zum-drucken-exportieren\/\">Den individuellen oder genealogischen Zeitstrahl sowie die Kreisgrafiken zum Drucken exportieren<\/a>.<\/strong>[\/vc_column_text][\/vc_column][\/vc_row]<\/p>\n<\/div>","protected":false},"excerpt":{"rendered":"<p>Seit der Version Heredis 2026 wird die Funktion Genealogische Zeitlinien zum Genealogischen Zeitstrahl.<\/p>\n<p>In Ihrer Kekule-Linie, der erweiterten Familie oder [&#8230;]<\/p>\n","protected":false},"author":3,"featured_media":0,"comment_status":"closed","ping_status":"closed","sticky":false,"template":"","format":"standard","meta":{"footnotes":""},"categories":[131],"tags":[],"class_list":["post-51191","post","type-post","status-publish","format-standard","hentry","category-heredis-anwenden"],"yoast_head":"<!-- This site is optimized with the Yoast SEO plugin v27.5 - https:\/\/yoast.com\/product\/yoast-seo-wordpress\/ -->\n<title>Genealogischer Zeitstrahl: Gruppierungen - Heredis Help Knowledgebase<\/title>\n<meta name=\"robots\" content=\"index, follow, max-snippet:-1, max-image-preview:large, max-video-preview:-1\" \/>\n<link rel=\"canonical\" href=\"https:\/\/help.heredis.com\/de\/genealogische-zeitlinien-gruppierungen\/\" \/>\n<meta property=\"og:locale\" content=\"de_DE\" \/>\n<meta property=\"og:type\" content=\"article\" \/>\n<meta property=\"og:title\" content=\"Genealogischer Zeitstrahl: Gruppierungen - Heredis Help Knowledgebase\" \/>\n<meta property=\"og:description\" content=\"Seit der Version Heredis 2026 wird die Funktion Genealogische Zeitlinien zum Genealogischen Zeitstrahl.  In Ihrer Kekule-Linie, der erweiterten Familie oder [...]\" \/>\n<meta property=\"og:url\" content=\"https:\/\/help.heredis.com\/de\/genealogische-zeitlinien-gruppierungen\/\" \/>\n<meta property=\"og:site_name\" content=\"Heredis Help Knowledgebase\" \/>\n<meta property=\"article:published_time\" content=\"2023-09-05T10:10:45+00:00\" \/>\n<meta property=\"article:modified_time\" content=\"2025-11-10T14:24:48+00:00\" \/>\n<meta property=\"og:image\" content=\"https:\/\/help.heredis.com\/wp-content\/uploads\/2018\/12\/miseEnForme.png\" \/>\n\t<meta property=\"og:image:width\" content=\"40\" \/>\n\t<meta property=\"og:image:height\" content=\"40\" \/>\n\t<meta property=\"og:image:type\" content=\"image\/png\" \/>\n<meta name=\"author\" content=\"Sandra Clavier\" \/>\n<meta name=\"twitter:card\" content=\"summary_large_image\" \/>\n<meta name=\"twitter:label1\" content=\"Verfasst von\" \/>\n\t<meta name=\"twitter:data1\" content=\"Sandra Clavier\" \/>\n\t<meta name=\"twitter:label2\" content=\"Gesch\u00e4tzte Lesezeit\" \/>\n\t<meta name=\"twitter:data2\" content=\"5\u00a0Minuten\" \/>\n<script type=\"application\/ld+json\" class=\"yoast-schema-graph\">{\"@context\":\"https:\\\/\\\/schema.org\",\"@graph\":[{\"@type\":\"Article\",\"@id\":\"https:\\\/\\\/help.heredis.com\\\/de\\\/genealogische-zeitlinien-gruppierungen\\\/#article\",\"isPartOf\":{\"@id\":\"https:\\\/\\\/help.heredis.com\\\/de\\\/genealogische-zeitlinien-gruppierungen\\\/\"},\"author\":{\"name\":\"Sandra Clavier\",\"@id\":\"https:\\\/\\\/help.heredis.com\\\/#\\\/schema\\\/person\\\/999bf6771565c2d9d42d51d0913b2a6d\"},\"headline\":\"Genealogischer Zeitstrahl: Gruppierungen\",\"datePublished\":\"2023-09-05T10:10:45+00:00\",\"dateModified\":\"2025-11-10T14:24:48+00:00\",\"mainEntityOfPage\":{\"@id\":\"https:\\\/\\\/help.heredis.com\\\/de\\\/genealogische-zeitlinien-gruppierungen\\\/\"},\"wordCount\":522,\"image\":{\"@id\":\"https:\\\/\\\/help.heredis.com\\\/de\\\/genealogische-zeitlinien-gruppierungen\\\/#primaryimage\"},\"thumbnailUrl\":\"https:\\\/\\\/help.heredis.com\\\/wp-content\\\/uploads\\\/2018\\\/12\\\/miseEnForme.png\",\"articleSection\":[\"Heredis anwenden\"],\"inLanguage\":\"de\"},{\"@type\":\"WebPage\",\"@id\":\"https:\\\/\\\/help.heredis.com\\\/de\\\/genealogische-zeitlinien-gruppierungen\\\/\",\"url\":\"https:\\\/\\\/help.heredis.com\\\/de\\\/genealogische-zeitlinien-gruppierungen\\\/\",\"name\":\"Genealogischer Zeitstrahl: Gruppierungen - Heredis Help Knowledgebase\",\"isPartOf\":{\"@id\":\"https:\\\/\\\/help.heredis.com\\\/#website\"},\"primaryImageOfPage\":{\"@id\":\"https:\\\/\\\/help.heredis.com\\\/de\\\/genealogische-zeitlinien-gruppierungen\\\/#primaryimage\"},\"image\":{\"@id\":\"https:\\\/\\\/help.heredis.com\\\/de\\\/genealogische-zeitlinien-gruppierungen\\\/#primaryimage\"},\"thumbnailUrl\":\"https:\\\/\\\/help.heredis.com\\\/wp-content\\\/uploads\\\/2018\\\/12\\\/miseEnForme.png\",\"datePublished\":\"2023-09-05T10:10:45+00:00\",\"dateModified\":\"2025-11-10T14:24:48+00:00\",\"author\":{\"@id\":\"https:\\\/\\\/help.heredis.com\\\/#\\\/schema\\\/person\\\/999bf6771565c2d9d42d51d0913b2a6d\"},\"breadcrumb\":{\"@id\":\"https:\\\/\\\/help.heredis.com\\\/de\\\/genealogische-zeitlinien-gruppierungen\\\/#breadcrumb\"},\"inLanguage\":\"de\",\"potentialAction\":[{\"@type\":\"ReadAction\",\"target\":[\"https:\\\/\\\/help.heredis.com\\\/de\\\/genealogische-zeitlinien-gruppierungen\\\/\"]}]},{\"@type\":\"ImageObject\",\"inLanguage\":\"de\",\"@id\":\"https:\\\/\\\/help.heredis.com\\\/de\\\/genealogische-zeitlinien-gruppierungen\\\/#primaryimage\",\"url\":\"https:\\\/\\\/help.heredis.com\\\/wp-content\\\/uploads\\\/2018\\\/12\\\/miseEnForme.png\",\"contentUrl\":\"https:\\\/\\\/help.heredis.com\\\/wp-content\\\/uploads\\\/2018\\\/12\\\/miseEnForme.png\"},{\"@type\":\"BreadcrumbList\",\"@id\":\"https:\\\/\\\/help.heredis.com\\\/de\\\/genealogische-zeitlinien-gruppierungen\\\/#breadcrumb\",\"itemListElement\":[{\"@type\":\"ListItem\",\"position\":1,\"name\":\"Accueil\",\"item\":\"https:\\\/\\\/help.heredis.com\\\/de\\\/\"},{\"@type\":\"ListItem\",\"position\":2,\"name\":\"Genealogischer Zeitstrahl: Gruppierungen\"}]},{\"@type\":\"WebSite\",\"@id\":\"https:\\\/\\\/help.heredis.com\\\/#website\",\"url\":\"https:\\\/\\\/help.heredis.com\\\/\",\"name\":\"Heredis Help Knowledgebase\",\"description\":\"Toutes les connaissances Heredis \u00e0 port\u00e9e de recherche\",\"potentialAction\":[{\"@type\":\"SearchAction\",\"target\":{\"@type\":\"EntryPoint\",\"urlTemplate\":\"https:\\\/\\\/help.heredis.com\\\/?s={search_term_string}\"},\"query-input\":{\"@type\":\"PropertyValueSpecification\",\"valueRequired\":true,\"valueName\":\"search_term_string\"}}],\"inLanguage\":\"de\"},{\"@type\":\"Person\",\"@id\":\"https:\\\/\\\/help.heredis.com\\\/#\\\/schema\\\/person\\\/999bf6771565c2d9d42d51d0913b2a6d\",\"name\":\"Sandra Clavier\",\"url\":\"https:\\\/\\\/help.heredis.com\\\/de\\\/author\\\/sandra-clavierheredis-com\\\/\"}]}<\/script>\n<!-- \/ Yoast SEO plugin. -->","yoast_head_json":{"title":"Genealogischer Zeitstrahl: Gruppierungen - Heredis Help Knowledgebase","robots":{"index":"index","follow":"follow","max-snippet":"max-snippet:-1","max-image-preview":"max-image-preview:large","max-video-preview":"max-video-preview:-1"},"canonical":"https:\/\/help.heredis.com\/de\/genealogische-zeitlinien-gruppierungen\/","og_locale":"de_DE","og_type":"article","og_title":"Genealogischer Zeitstrahl: Gruppierungen - Heredis Help Knowledgebase","og_description":"Seit der Version Heredis 2026 wird die Funktion Genealogische Zeitlinien zum Genealogischen Zeitstrahl.  In Ihrer Kekule-Linie, der erweiterten Familie oder [...]","og_url":"https:\/\/help.heredis.com\/de\/genealogische-zeitlinien-gruppierungen\/","og_site_name":"Heredis Help Knowledgebase","article_published_time":"2023-09-05T10:10:45+00:00","article_modified_time":"2025-11-10T14:24:48+00:00","og_image":[{"width":40,"height":40,"url":"https:\/\/help.heredis.com\/wp-content\/uploads\/2018\/12\/miseEnForme.png","type":"image\/png"}],"author":"Sandra Clavier","twitter_card":"summary_large_image","twitter_misc":{"Verfasst von":"Sandra Clavier","Gesch\u00e4tzte Lesezeit":"5\u00a0Minuten"},"schema":{"@context":"https:\/\/schema.org","@graph":[{"@type":"Article","@id":"https:\/\/help.heredis.com\/de\/genealogische-zeitlinien-gruppierungen\/#article","isPartOf":{"@id":"https:\/\/help.heredis.com\/de\/genealogische-zeitlinien-gruppierungen\/"},"author":{"name":"Sandra Clavier","@id":"https:\/\/help.heredis.com\/#\/schema\/person\/999bf6771565c2d9d42d51d0913b2a6d"},"headline":"Genealogischer Zeitstrahl: Gruppierungen","datePublished":"2023-09-05T10:10:45+00:00","dateModified":"2025-11-10T14:24:48+00:00","mainEntityOfPage":{"@id":"https:\/\/help.heredis.com\/de\/genealogische-zeitlinien-gruppierungen\/"},"wordCount":522,"image":{"@id":"https:\/\/help.heredis.com\/de\/genealogische-zeitlinien-gruppierungen\/#primaryimage"},"thumbnailUrl":"https:\/\/help.heredis.com\/wp-content\/uploads\/2018\/12\/miseEnForme.png","articleSection":["Heredis anwenden"],"inLanguage":"de"},{"@type":"WebPage","@id":"https:\/\/help.heredis.com\/de\/genealogische-zeitlinien-gruppierungen\/","url":"https:\/\/help.heredis.com\/de\/genealogische-zeitlinien-gruppierungen\/","name":"Genealogischer Zeitstrahl: Gruppierungen - Heredis Help Knowledgebase","isPartOf":{"@id":"https:\/\/help.heredis.com\/#website"},"primaryImageOfPage":{"@id":"https:\/\/help.heredis.com\/de\/genealogische-zeitlinien-gruppierungen\/#primaryimage"},"image":{"@id":"https:\/\/help.heredis.com\/de\/genealogische-zeitlinien-gruppierungen\/#primaryimage"},"thumbnailUrl":"https:\/\/help.heredis.com\/wp-content\/uploads\/2018\/12\/miseEnForme.png","datePublished":"2023-09-05T10:10:45+00:00","dateModified":"2025-11-10T14:24:48+00:00","author":{"@id":"https:\/\/help.heredis.com\/#\/schema\/person\/999bf6771565c2d9d42d51d0913b2a6d"},"breadcrumb":{"@id":"https:\/\/help.heredis.com\/de\/genealogische-zeitlinien-gruppierungen\/#breadcrumb"},"inLanguage":"de","potentialAction":[{"@type":"ReadAction","target":["https:\/\/help.heredis.com\/de\/genealogische-zeitlinien-gruppierungen\/"]}]},{"@type":"ImageObject","inLanguage":"de","@id":"https:\/\/help.heredis.com\/de\/genealogische-zeitlinien-gruppierungen\/#primaryimage","url":"https:\/\/help.heredis.com\/wp-content\/uploads\/2018\/12\/miseEnForme.png","contentUrl":"https:\/\/help.heredis.com\/wp-content\/uploads\/2018\/12\/miseEnForme.png"},{"@type":"BreadcrumbList","@id":"https:\/\/help.heredis.com\/de\/genealogische-zeitlinien-gruppierungen\/#breadcrumb","itemListElement":[{"@type":"ListItem","position":1,"name":"Accueil","item":"https:\/\/help.heredis.com\/de\/"},{"@type":"ListItem","position":2,"name":"Genealogischer Zeitstrahl: Gruppierungen"}]},{"@type":"WebSite","@id":"https:\/\/help.heredis.com\/#website","url":"https:\/\/help.heredis.com\/","name":"Heredis Help Knowledgebase","description":"Toutes les connaissances Heredis \u00e0 port\u00e9e de recherche","potentialAction":[{"@type":"SearchAction","target":{"@type":"EntryPoint","urlTemplate":"https:\/\/help.heredis.com\/?s={search_term_string}"},"query-input":{"@type":"PropertyValueSpecification","valueRequired":true,"valueName":"search_term_string"}}],"inLanguage":"de"},{"@type":"Person","@id":"https:\/\/help.heredis.com\/#\/schema\/person\/999bf6771565c2d9d42d51d0913b2a6d","name":"Sandra Clavier","url":"https:\/\/help.heredis.com\/de\/author\/sandra-clavierheredis-com\/"}]}},"_links":{"self":[{"href":"https:\/\/help.heredis.com\/de\/wp-json\/wp\/v2\/posts\/51191","targetHints":{"allow":["GET"]}}],"collection":[{"href":"https:\/\/help.heredis.com\/de\/wp-json\/wp\/v2\/posts"}],"about":[{"href":"https:\/\/help.heredis.com\/de\/wp-json\/wp\/v2\/types\/post"}],"author":[{"embeddable":true,"href":"https:\/\/help.heredis.com\/de\/wp-json\/wp\/v2\/users\/3"}],"replies":[{"embeddable":true,"href":"https:\/\/help.heredis.com\/de\/wp-json\/wp\/v2\/comments?post=51191"}],"version-history":[{"count":17,"href":"https:\/\/help.heredis.com\/de\/wp-json\/wp\/v2\/posts\/51191\/revisions"}],"predecessor-version":[{"id":55820,"href":"https:\/\/help.heredis.com\/de\/wp-json\/wp\/v2\/posts\/51191\/revisions\/55820"}],"wp:attachment":[{"href":"https:\/\/help.heredis.com\/de\/wp-json\/wp\/v2\/media?parent=51191"}],"wp:term":[{"taxonomy":"category","embeddable":true,"href":"https:\/\/help.heredis.com\/de\/wp-json\/wp\/v2\/categories?post=51191"},{"taxonomy":"post_tag","embeddable":true,"href":"https:\/\/help.heredis.com\/de\/wp-json\/wp\/v2\/tags?post=51191"}],"curies":[{"name":"wp","href":"https:\/\/api.w.org\/{rel}","templated":true}]}}